{"id":337,"date":"2025-11-04T07:49:54","date_gmt":"2025-11-04T06:49:54","guid":{"rendered":"https:\/\/jlfast.se\/?p=337"},"modified":"2026-03-01T08:31:34","modified_gmt":"2026-03-01T07:31:34","slug":"ledig-stuga","status":"publish","type":"post","link":"https:\/\/jlfast.se\/index.php\/2025\/11\/04\/ledig-stuga\/","title":{"rendered":"Ledig stuga"},"content":{"rendered":"\n<p class=\"wp-block-paragraph\">V\u00e5r stuga i Traryd blir ledig fr\u00e5n 1:e februari 2026. L\u00e4mplig f\u00f6r max tre personer. Hyra 5900 kr per m\u00e5nad plus v\u00e4rme.<\/p>\n","protected":false},"excerpt":{"rendered":"<p>V\u00e5r stuga i Traryd blir ledig fr\u00e5n 1:e februari 2026. L\u00e4mplig f\u00f6r max tre personer. Hyra 5900 kr per m\u00e5nad plus v\u00e4rme.<\/p>\n","protected":false},"author":1,"featured_media":0,"comment_status":"open","ping_status":"open","sticky":false,"template":"","format":"standard","meta":{"footnotes":""},"categories":[1],"tags":[],"class_list":["post-337","post","type-post","status-publish","format-standard","hentry","category-okategoriserade"],"_links":{"self":[{"href":"https:\/\/jlfast.se\/index.php\/wp-json\/wp\/v2\/posts\/337","targetHints":{"allow":["GET"]}}],"collection":[{"href":"https:\/\/jlfast.se\/index.php\/wp-json\/wp\/v2\/posts"}],"about":[{"href":"https:\/\/jlfast.se\/index.php\/wp-json\/wp\/v2\/types\/post"}],"author":[{"embeddable":true,"href":"https:\/\/jlfast.se\/index.php\/wp-json\/wp\/v2\/users\/1"}],"replies":[{"embeddable":true,"href":"https:\/\/jlfast.se\/index.php\/wp-json\/wp\/v2\/comments?post=337"}],"version-history":[{"count":4,"href":"https:\/\/jlfast.se\/index.php\/wp-json\/wp\/v2\/posts\/337\/revisions"}],"predecessor-version":[{"id":373,"href":"https:\/\/jlfast.se\/index.php\/wp-json\/wp\/v2\/posts\/337\/revisions\/373"}],"wp:attachment":[{"href":"https:\/\/jlfast.se\/index.php\/wp-json\/wp\/v2\/media?parent=337"}],"wp:term":[{"taxonomy":"category","embeddable":true,"href":"https:\/\/jlfast.se\/index.php\/wp-json\/wp\/v2\/categories?post=337"},{"taxonomy":"post_tag","embeddable":true,"href":"https:\/\/jlfast.se\/index.php\/wp-json\/wp\/v2\/tags?post=337"}],"curies":[{"name":"wp","href":"https:\/\/api.w.org\/{rel}","templated":true}]}}